{"id":2156,"date":"2024-10-22T09:25:41","date_gmt":"2024-10-22T08:25:41","guid":{"rendered":"https:\/\/www.ardemadrid.com\/blog\/?p=2156"},"modified":"2024-10-22T09:25:41","modified_gmt":"2024-10-22T08:25:41","slug":"bajos-fender-american-ultra-ii","status":"publish","type":"post","link":"https:\/\/www.ardemadrid.com\/blog\/2024\/10\/22\/bajos-fender-american-ultra-ii\/","title":{"rendered":"Nuevos Bajos Fender American Ultra II en Ardemadrid: \u00a1Ya Disponibles!"},"content":{"rendered":"\n<p>En Ardemadrid, estamos emocionados de presentarte la \u00faltima incorporaci\u00f3n a nuestro cat\u00e1logo: los nuevos bajos de la serie <strong>Fender American Ultra II<\/strong>, perfectos para bajistas que buscan lo mejor en sonido y comodidad. Estos modelos destacan por su dise\u00f1o de vanguardia y una incre\u00edble versatilidad tonal:<\/p>\n\n\n\n<ul><li><strong><a href=\"https:\/\/www.ardemadrid.com\/bajo-electrico-4-cuerdas\/18643-fender-american-ultra-ii-precision-bass-eb-nbl-717669891138.html\">Fender American Ultra II Precision Bass EB NBL<\/a><\/strong>: Con m\u00e1stil de \u00e9bano y acabado en Night Blue, este bajo te ofrece precisi\u00f3n y claridad en cada nota.<\/li><\/ul>\n\n\n\n<figure class=\"wp-block-image size-large\"><a href=\"https:\/\/www.ardemadrid.com\/bajo-electrico-4-cuerdas\/18643-fender-american-ultra-ii-precision-bass-eb-nbl-717669891138.html\"><img loading=\"lazy\" width=\"600\" height=\"279\" src=\"https:\/\/www.ardemadrid.com\/blog\/wp-content\/uploads\/2024\/10\/fender-american-ultra-ii-stratocaster-eb-nbl-2.jpg\" alt=\"\" class=\"wp-image-2157\" srcset=\"https:\/\/www.ardemadrid.com\/blog\/wp-content\/uploads\/2024\/10\/fender-american-ultra-ii-stratocaster-eb-nbl-2.jpg 600w, https:\/\/www.ardemadrid.com\/blog\/wp-content\/uploads\/2024\/10\/fender-american-ultra-ii-stratocaster-eb-nbl-2-300x140.jpg 300w\" sizes=\"(max-width: 600px) 100vw, 600px\" \/><\/a><\/figure>\n\n\n\n<ul><li><strong><a href=\"https:\/\/www.ardemadrid.com\/bajo-electrico-4-cuerdas\/18644-fender-american-ultra-ii-precision-bass-eb-txt-717669891220.html\">Fender American Ultra II Precision Bass EB TXT<\/a><\/strong>: Un modelo dise\u00f1ado para ofrecerte un rango tonal profundo y una respuesta suave, ideal para cualquier estilo.<\/li><\/ul>\n\n\n\n<figure class=\"wp-block-image size-large\"><a href=\"https:\/\/www.ardemadrid.com\/bajo-electrico-4-cuerdas\/18644-fender-american-ultra-ii-precision-bass-eb-txt-717669891220.html\"><img loading=\"lazy\" width=\"600\" height=\"236\" src=\"https:\/\/www.ardemadrid.com\/blog\/wp-content\/uploads\/2024\/10\/fender-american-ultra-ii-precision-bass-eb-txt.jpg\" alt=\"\" class=\"wp-image-2158\" srcset=\"https:\/\/www.ardemadrid.com\/blog\/wp-content\/uploads\/2024\/10\/fender-american-ultra-ii-precision-bass-eb-txt.jpg 600w, https:\/\/www.ardemadrid.com\/blog\/wp-content\/uploads\/2024\/10\/fender-american-ultra-ii-precision-bass-eb-txt-300x118.jpg 300w\" sizes=\"(max-width: 600px) 100vw, 600px\" \/><\/a><\/figure>\n\n\n\n<ul><li><strong><a href=\"https:\/\/www.ardemadrid.com\/bajo-electrico-4-cuerdas\/18647-fender-american-ultra-ii-jazz-bass-eb-ubst-717669891251.html\">Fender American Ultra II Jazz Bass EB UBST<\/a><\/strong>: La opci\u00f3n perfecta para quienes buscan un bajo vers\u00e1til con un sonido rico y din\u00e1mico, gracias a su acabado Ultra Burst.<\/li><\/ul>\n\n\n\n<figure class=\"wp-block-image size-large\"><a href=\"https:\/\/www.ardemadrid.com\/bajo-electrico-4-cuerdas\/18647-fender-american-ultra-ii-jazz-bass-eb-ubst-717669891251.html\"><img loading=\"lazy\" width=\"600\" height=\"238\" src=\"https:\/\/www.ardemadrid.com\/blog\/wp-content\/uploads\/2024\/10\/fender-american-ultra-ii-jazz-bass-eb-ubst.jpg\" alt=\"\" class=\"wp-image-2159\" srcset=\"https:\/\/www.ardemadrid.com\/blog\/wp-content\/uploads\/2024\/10\/fender-american-ultra-ii-jazz-bass-eb-ubst.jpg 600w, https:\/\/www.ardemadrid.com\/blog\/wp-content\/uploads\/2024\/10\/fender-american-ultra-ii-jazz-bass-eb-ubst-300x119.jpg 300w\" sizes=\"(max-width: 600px) 100vw, 600px\" \/><\/a><\/figure>\n\n\n\n<ul><li><strong><a href=\"https:\/\/www.ardemadrid.com\/bajo-electrico-4-cuerdas\/18648-fender-american-ultra-ii-jazz-bass-eb-nbl-717669891237.html\">Fender American Ultra II Jazz Bass EB NBL<\/a><\/strong>: M\u00e1xima sofisticaci\u00f3n en acabado Night Blue y un m\u00e1stil de \u00e9bano que asegura una ejecuci\u00f3n suave y precisa.<\/li><\/ul>\n\n\n\n<figure class=\"wp-block-image size-large\"><a href=\"https:\/\/www.ardemadrid.com\/bajo-electrico-4-cuerdas\/18648-fender-american-ultra-ii-jazz-bass-eb-nbl-717669891237.html\"><img loading=\"lazy\" width=\"600\" height=\"241\" src=\"https:\/\/www.ardemadrid.com\/blog\/wp-content\/uploads\/2024\/10\/fender-american-ultra-ii-jazz-bass-eb-nbl.jpg\" alt=\"\" class=\"wp-image-2160\" srcset=\"https:\/\/www.ardemadrid.com\/blog\/wp-content\/uploads\/2024\/10\/fender-american-ultra-ii-jazz-bass-eb-nbl.jpg 600w, https:\/\/www.ardemadrid.com\/blog\/wp-content\/uploads\/2024\/10\/fender-american-ultra-ii-jazz-bass-eb-nbl-300x121.jpg 300w\" sizes=\"(max-width: 600px) 100vw, 600px\" \/><\/a><\/figure>\n\n\n\n<ul><li><strong><a href=\"https:\/\/www.ardemadrid.com\/bajo-electrico-4-cuerdas\/18650-fender-american-ultra-ii-jazz-bass-mn-srd-717669891299.html\">Fender American Ultra II Jazz Bass MN SRD<\/a><\/strong>: Con un espectacular acabado Sunburst Red y un m\u00e1stil de arce, este bajo te garantiza una experiencia \u00fanica en t\u00e9rminos de tono y comodidad.<\/li><\/ul>\n\n\n\n<figure class=\"wp-block-image size-large\"><a href=\"https:\/\/www.ardemadrid.com\/bajo-electrico-4-cuerdas\/18650-fender-american-ultra-ii-jazz-bass-mn-srd-717669891299.html\"><img loading=\"lazy\" width=\"600\" height=\"251\" src=\"https:\/\/www.ardemadrid.com\/blog\/wp-content\/uploads\/2024\/10\/fender-american-ultra-ii-jazz-bass-mn-srd.jpg\" alt=\"\" class=\"wp-image-2161\" srcset=\"https:\/\/www.ardemadrid.com\/blog\/wp-content\/uploads\/2024\/10\/fender-american-ultra-ii-jazz-bass-mn-srd.jpg 600w, https:\/\/www.ardemadrid.com\/blog\/wp-content\/uploads\/2024\/10\/fender-american-ultra-ii-jazz-bass-mn-srd-300x126.jpg 300w\" sizes=\"(max-width: 600px) 100vw, 600px\" \/><\/a><\/figure>\n\n\n\n<p>P\u00e1sate por <strong>Ardemadrid<\/strong> y prueba estos nuevos bajos Ultra II, dise\u00f1ados para ofrecer el mejor rendimiento tanto en estudio como en directo. \u00a1No te los pierdas!<\/p>\n\n\n\n<hr class=\"wp-block-separator\"\/>\n\n\n\n<p><a href=\"https:\/\/www.ardemadrid.com\/\"><strong>MICROFUSA \/ TIENDA MADRID<\/strong><\/a><\/p>\n\n\n\n<p>Ardemans 9 \/ Madrid \/ Tel.: 910 88 93 30<\/p>\n\n\n\n<p><a href=\"https:\/\/tienda.microfusa.com\/\"><strong>MICROFUSA \/ TIENDA BARCELONA<\/strong><\/a><\/p>\n\n\n\n<p>Sep\u00falveda 134 \/ Barcelona \/ Tel.: 930 186 876<\/p>\n","protected":false},"excerpt":{"rendered":"<p>En Ardemadrid, estamos emocionados de presentarte la \u00faltima incorporaci\u00f3n a nuestro cat\u00e1logo: los nuevos bajos de la serie Fender American Ultra II, perfectos para bajistas que buscan lo mejor en sonido y comodidad. Estos modelos destacan por su dise\u00f1o de vanguardia y una incre\u00edble versatilidad tonal: Fender American Ultra II Precision Bass EB NBL: Con [&hellip;]<\/p>\n","protected":false},"author":2,"featured_media":2187,"comment_status":"open","ping_status":"open","sticky":false,"template":"","format":"standard","meta":[],"categories":[1],"tags":[],"fimg_url":"https:\/\/www.ardemadrid.com\/blog\/wp-content\/uploads\/2024\/10\/blog-am-1-300x164.jpg","_links":{"self":[{"href":"https:\/\/www.ardemadrid.com\/blog\/wp-json\/wp\/v2\/posts\/2156"}],"collection":[{"href":"https:\/\/www.ardemadrid.com\/blog\/wp-json\/wp\/v2\/posts"}],"about":[{"href":"https:\/\/www.ardemadrid.com\/blog\/wp-json\/wp\/v2\/types\/post"}],"author":[{"embeddable":true,"href":"https:\/\/www.ardemadrid.com\/blog\/wp-json\/wp\/v2\/users\/2"}],"replies":[{"embeddable":true,"href":"https:\/\/www.ardemadrid.com\/blog\/wp-json\/wp\/v2\/comments?post=2156"}],"version-history":[{"count":3,"href":"https:\/\/www.ardemadrid.com\/blog\/wp-json\/wp\/v2\/posts\/2156\/revisions"}],"predecessor-version":[{"id":2188,"href":"https:\/\/www.ardemadrid.com\/blog\/wp-json\/wp\/v2\/posts\/2156\/revisions\/2188"}],"wp:featuredmedia":[{"embeddable":true,"href":"https:\/\/www.ardemadrid.com\/blog\/wp-json\/wp\/v2\/media\/2187"}],"wp:attachment":[{"href":"https:\/\/www.ardemadrid.com\/blog\/wp-json\/wp\/v2\/media?parent=2156"}],"wp:term":[{"taxonomy":"category","embeddable":true,"href":"https:\/\/www.ardemadrid.com\/blog\/wp-json\/wp\/v2\/categories?post=2156"},{"taxonomy":"post_tag","embeddable":true,"href":"https:\/\/www.ardemadrid.com\/blog\/wp-json\/wp\/v2\/tags?post=2156"}],"curies":[{"name":"wp","href":"https:\/\/api.w.org\/{rel}","templated":true}]}}